{"id":4933,"date":"2026-09-01T07:36:04","date_gmt":"2026-09-01T05:36:04","guid":{"rendered":"https:\/\/ida.bs.katowice.pl\/?p=4933"},"modified":"2026-09-01T07:43:42","modified_gmt":"2026-09-01T05:43:42","slug":"epitafium-edd","status":"publish","type":"post","link":"https:\/\/ida.bs.katowice.pl\/index.php\/2026\/09\/01\/epitafium-edd\/","title":{"rendered":"Epitafium. Spacer po miejscach utraconych w Parku \u015al\u0105skim."},"content":{"rendered":"<p>Zapraszamy na &#8222;Epitafium. Spacer po miejscach utraconych w Parku \u015al\u0105skim.&#8221; w ramach Europejskich Dni Dziedzictwa 2026, kt\u00f3re organizowane s\u0105 pod has\u0142em &#8222;Przysz\u0142o\u015b\u0107 przesz\u0142o\u015bci. Dziedzictwo w zagro\u017ceniu.&#8221;<\/p>\n<p>Spacer poprowadzi \u015bladami nieistniej\u0105cych ju\u017c miejsc w Parku \u015al\u0105skim oraz tych, kt\u00f3rych istnienie jest zagro\u017cone. Poka\u017cemy, \u017ce czas najwy\u017cszy by przyspieszy\u0107 dzia\u0142ania na rzecz obj\u0119cia Parku \u015al\u0105skiego ochron\u0105 prawn\u0105 w postaci Parku Kulturowego.<\/p>\n<p>Park \u015al\u0105ski \u2013 ikoniczne miejsce na mapie G\u00f3rnego \u015al\u0105ska, obejmuje tereny zieleni parkowej i le\u015bnej, ale tak\u017ce niezwyk\u0142e obiekty architektoniczne, za\u0142o\u017cenia ogrodowe oraz detale plastyczne. Tworz\u0105 one unikatow\u0105 kompozycj\u0119 przestrzenn\u0105 niespotykan\u0105 w \u017cadnym innym miejscu na \u015bwiecie. Cz\u0119\u015b\u0107 miejsc w Parku \u015al\u0105skim zosta\u0142a bezpowrotnie utracona. Czy kolejne obiekty b\u0119d\u0105 musia\u0142y podzieli\u0107 ten los?<\/p>\n<p><a href=\"https:\/\/edd.nid.pl\/wydarzenia\/epitafium-spacer-po-miejscach-utraconych-w-parku-slaskim\/\">https:\/\/edd.nid.pl\/wydarzenia\/epitafium-spacer-po-miejscach-utraconych-w-parku-slaskim\/<\/a><\/p>\n<p>Wst\u0119p wolny.<br \/>\nPartnerem wydarzenia jest Architektura-murator. <\/p>\n","protected":false},"excerpt":{"rendered":"<p><a href=\"https:\/\/ida.bs.katowice.pl\/index.php\/2026\/09\/01\/epitafium-edd\/\"><img loading=\"lazy\" decoding=\"async\" class=\"alignnone\" src=\"https:\/\/ida.bs.katowice.pl\/wp-content\/uploads\/2026\/09\/Epitafium-spacer-EDD.png\" alt=\"Europejskie Dni Dziedzictwa 2026\" width=\"740\" height=\"740\"><\/a><\/ br><\/ br><\/ br><br \/>\nZapraszamy na &#8222;Epitafium. Spacer po miejscach utraconych w Parku \u015al\u0105skim.&#8221; w ramach Europejskich Dni Dziedzictwa 2026, kt\u00f3re organizowane s\u0105 pod has\u0142em &#8222;Przysz\u0142o\u015b\u0107 przesz\u0142o\u015bci. Dziedzictwo w zagro\u017ceniu.&#8221;<\/p>\n","protected":false},"author":7,"featured_media":0,"comment_status":"closed","ping_status":"closed","sticky":false,"template":"","format":"standard","meta":{"advgb_blocks_editor_width":"","advgb_blocks_columns_visual_guide":"","ngg_post_thumbnail":0,"footnotes":""},"categories":[6,9],"tags":[],"class_list":["post-4933","post","type-post","status-publish","format-standard","hentry","category-dzialalnosc","category-popularyzatorska"],"author_meta":{"display_name":"Marek P\u0119czak","author_link":"https:\/\/ida.bs.katowice.pl\/index.php\/author\/peczakm\/"},"featured_img":null,"coauthors":[],"tax_additional":{"categories":{"linked":["<a href=\"https:\/\/ida.bs.katowice.pl\/index.php\/category\/dzialalnosc\/\" class=\"advgb-post-tax-term\">Dzia\u0142alno\u015b\u0107<\/a>","<a href=\"https:\/\/ida.bs.katowice.pl\/index.php\/category\/dzialalnosc\/popularyzatorska\/\" class=\"advgb-post-tax-term\">Dzia\u0142alno\u015b\u0107 Popularyzatorska<\/a>"],"unlinked":["<span class=\"advgb-post-tax-term\">Dzia\u0142alno\u015b\u0107<\/span>","<span class=\"advgb-post-tax-term\">Dzia\u0142alno\u015b\u0107 Popularyzatorska<\/span>"]}},"comment_count":0,"relative_dates":{"created":"Opublikowano 22 godziny temu","modified":"Zaktualizowano 22 godziny temu"},"absolute_dates":{"created":"Opublikowano 1 wrze\u015bnia 2026","modified":"Zaktualizowano 1 wrze\u015bnia 2026"},"absolute_dates_time":{"created":"Opublikowano 1 wrze\u015bnia 2026 07:36","modified":"Zaktualizowano 1 wrze\u015bnia 2026 07:43"},"featured_img_caption":"","series_order":"","_links":{"self":[{"href":"https:\/\/ida.bs.katowice.pl\/index.php\/wp-json\/wp\/v2\/posts\/4933","targetHints":{"allow":["GET"]}}],"collection":[{"href":"https:\/\/ida.bs.katowice.pl\/index.php\/wp-json\/wp\/v2\/posts"}],"about":[{"href":"https:\/\/ida.bs.katowice.pl\/index.php\/wp-json\/wp\/v2\/types\/post"}],"author":[{"embeddable":true,"href":"https:\/\/ida.bs.katowice.pl\/index.php\/wp-json\/wp\/v2\/users\/7"}],"replies":[{"embeddable":true,"href":"https:\/\/ida.bs.katowice.pl\/index.php\/wp-json\/wp\/v2\/comments?post=4933"}],"version-history":[{"count":2,"href":"https:\/\/ida.bs.katowice.pl\/index.php\/wp-json\/wp\/v2\/posts\/4933\/revisions"}],"predecessor-version":[{"id":4936,"href":"https:\/\/ida.bs.katowice.pl\/index.php\/wp-json\/wp\/v2\/posts\/4933\/revisions\/4936"}],"wp:attachment":[{"href":"https:\/\/ida.bs.katowice.pl\/index.php\/wp-json\/wp\/v2\/media?parent=4933"}],"wp:term":[{"taxonomy":"category","embeddable":true,"href":"https:\/\/ida.bs.katowice.pl\/index.php\/wp-json\/wp\/v2\/categories?post=4933"},{"taxonomy":"post_tag","embeddable":true,"href":"https:\/\/ida.bs.katowice.pl\/index.php\/wp-json\/wp\/v2\/tags?post=4933"}],"curies":[{"name":"wp","href":"https:\/\/api.w.org\/{rel}","templated":true}]}}