{"id":2851,"date":"2023-09-09T10:19:05","date_gmt":"2023-09-09T08:19:05","guid":{"rendered":"https:\/\/ida.bs.katowice.pl\/?p=2851"},"modified":"2024-10-08T10:41:57","modified_gmt":"2024-10-08T08:41:57","slug":"ustron-zawodzie-wpisany-do-rejestru-zabytkow","status":"publish","type":"post","link":"https:\/\/ida.bs.katowice.pl\/index.php\/2023\/09\/09\/ustron-zawodzie-wpisany-do-rejestru-zabytkow\/","title":{"rendered":"Ustro\u0144-Zawodzie wpisany do Rejestru Zabytk\u00f3w"},"content":{"rendered":"<p><span dir=\"auto\">Z rado\u015bci\u0105 informujemy, \u017ce dnia 8 wrze\u015bnia 2023 roku zesp\u00f3\u0142 sanatoryjno-uzdrowiskowy Ustro\u0144-Zawodzie (autorstwa Henryka Buszko, Aleksandra Franty i Tadeusza Szewczyka) zosta\u0142 wpisany do rejestru zabytk\u00f3w Wojew\u00f3dztwa \u015al\u0105skiego pod numerem A\/1257\/23.<\/span><\/p>\n<p>Jeste\u015bmy tym bardziej szcz\u0119\u015bliwi, gdy\u017c wraz z Wojew\u00f3dzkim Urz\u0119dem Ochrony Zabytk\u00f3w w Katowicach byli\u015bmy wsp\u00f3\u0142inicjatorami tego wpisu, jak r\u00f3wnie\u017c wraz z Wydzia\u0142em Architektury Politechniki \u015al\u0105skiej autorami studium \u201eStudium konserwatorsko-historyczne dzielnicy Zawodzie w Ustroniu\u201d, kt\u00f3re by\u0142o podstaw\u0105 dokonania oceny warto\u015bci zespo\u0142u i wyznaczenia granic wpisu.<\/p>\n<p>Instytut Dokumentacji Architektury wraz z RAR-3 Katedra Teorii, Projektowania i Historii Architektury stale wsp\u00f3\u0142pracuj\u0105 ze \u015al\u0105skim Konserwatorem Zabytk\u00f3w przygotowuj\u0105c opinie i opracowania badawcze dotycz\u0105ce ochrony dziedzictwa architektonicznego naszego regionu.<\/p>\n<p>Fot. Zbiory Instytutu Dokumentacji Architektury Biblioteki \u015al\u0105skiej<\/p>\n","protected":false},"excerpt":{"rendered":"<p><a href=\"https:\/\/ida.bs.katowice.pl\/index.php\/2023\/09\/27\/ustron-zawodzie-wpisany-do-rejestru-zabytkow\/\"><img loading=\"lazy\" decoding=\"async\" class=\"alignnone\" src=\"https:\/\/ida.bs.katowice.pl\/wp-content\/uploads\/2023\/09\/uzdrowisko-e1695804178449.jpg\" alt=\"Na zdj\u0119ciu wida\u0107 zesp\u00f3\u0142 sanatoryjno-uzdrowiskowy Ustro\u0144-Zawodzie\" width=\"740\" height=\"740\"><\/a><\/ br><\/ br><\/ br>Z rado\u015bci\u0105 informujemy, \u017ce dnia 8 wrze\u015bnia 2023 roku zesp\u00f3\u0142 sanatoryjno-uzdrowiskowy Ustro\u0144-Zawodzie (autorstwa Henryka Buszko, Aleksandra Franty i Tadeusza Szewczyka) zosta\u0142 wpisany do rejestru zabytk\u00f3w Wojew\u00f3dztwa \u015al\u0105skiego pod numerem A\/1257\/23.<\/p>\n","protected":false},"author":1,"featured_media":0,"comment_status":"closed","ping_status":"closed","sticky":false,"template":"","format":"standard","meta":{"advgb_blocks_editor_width":"","advgb_blocks_columns_visual_guide":"","ngg_post_thumbnail":0,"footnotes":""},"categories":[6,8],"tags":[],"class_list":["post-2851","post","type-post","status-publish","format-standard","hentry","category-dzialalnosc","category-badawcza"],"author_meta":{"display_name":"ida_admin","author_link":"https:\/\/ida.bs.katowice.pl\/index.php\/author\/ida_admin\/"},"featured_img":null,"coauthors":[],"tax_additional":{"categories":{"linked":["<a href=\"https:\/\/ida.bs.katowice.pl\/index.php\/category\/dzialalnosc\/\" class=\"advgb-post-tax-term\">Dzia\u0142alno\u015b\u0107<\/a>","<a href=\"https:\/\/ida.bs.katowice.pl\/index.php\/category\/dzialalnosc\/badawcza\/\" class=\"advgb-post-tax-term\">Dzia\u0142alno\u015b\u0107 Badawcza<\/a>"],"unlinked":["<span class=\"advgb-post-tax-term\">Dzia\u0142alno\u015b\u0107<\/span>","<span class=\"advgb-post-tax-term\">Dzia\u0142alno\u015b\u0107 Badawcza<\/span>"]}},"comment_count":0,"relative_dates":{"created":"Posted 3 lata ago","modified":"Updated 2 lata ago"},"absolute_dates":{"created":"Posted on 9 wrze\u015bnia 2023","modified":"Updated on 8 pa\u017adziernika 2024"},"absolute_dates_time":{"created":"Posted on 9 wrze\u015bnia 2023 10:19","modified":"Updated on 8 pa\u017adziernika 2024 10:41"},"featured_img_caption":"","series_order":"","_links":{"self":[{"href":"https:\/\/ida.bs.katowice.pl\/index.php\/wp-json\/wp\/v2\/posts\/2851","targetHints":{"allow":["GET"]}}],"collection":[{"href":"https:\/\/ida.bs.katowice.pl\/index.php\/wp-json\/wp\/v2\/posts"}],"about":[{"href":"https:\/\/ida.bs.katowice.pl\/index.php\/wp-json\/wp\/v2\/types\/post"}],"author":[{"embeddable":true,"href":"https:\/\/ida.bs.katowice.pl\/index.php\/wp-json\/wp\/v2\/users\/1"}],"replies":[{"embeddable":true,"href":"https:\/\/ida.bs.katowice.pl\/index.php\/wp-json\/wp\/v2\/comments?post=2851"}],"version-history":[{"count":3,"href":"https:\/\/ida.bs.katowice.pl\/index.php\/wp-json\/wp\/v2\/posts\/2851\/revisions"}],"predecessor-version":[{"id":2855,"href":"https:\/\/ida.bs.katowice.pl\/index.php\/wp-json\/wp\/v2\/posts\/2851\/revisions\/2855"}],"wp:attachment":[{"href":"https:\/\/ida.bs.katowice.pl\/index.php\/wp-json\/wp\/v2\/media?parent=2851"}],"wp:term":[{"taxonomy":"category","embeddable":true,"href":"https:\/\/ida.bs.katowice.pl\/index.php\/wp-json\/wp\/v2\/categories?post=2851"},{"taxonomy":"post_tag","embeddable":true,"href":"https:\/\/ida.bs.katowice.pl\/index.php\/wp-json\/wp\/v2\/tags?post=2851"}],"curies":[{"name":"wp","href":"https:\/\/api.w.org\/{rel}","templated":true}]}}